{"id":11659,"date":"2023-10-30T11:29:03","date_gmt":"2023-10-30T10:29:03","guid":{"rendered":"https:\/\/zur-nachahmung-empfohlen.de\/ines-doujak-parade-against-fear-in-cologne\/"},"modified":"2023-10-30T11:47:45","modified_gmt":"2023-10-30T10:47:45","slug":"ines-doujak-parade-against-fear-in-cologne","status":"publish","type":"post","link":"https:\/\/zur-nachahmung-empfohlen.de\/en\/ines-doujak-parade-against-fear-in-cologne\/","title":{"rendered":"Ines Doujak &#8211; Parade against fear in Cologne"},"content":{"rendered":"<p>[et_pb_section fb_built=&#8221;1&#8243; admin_label=&#8221;section&#8221; _builder_version=&#8221;4.19.5&#8243; custom_padding=&#8221;5px||6px|||&#8221; global_colors_info=&#8221;{}&#8221; theme_builder_area=&#8221;post_content&#8221;][et_pb_row column_structure=&#8221;1_2,1_2&#8243; admin_label=&#8221;row&#8221; _builder_version=&#8221;4.19.5&#8243; background_size=&#8221;initial&#8221; background_position=&#8221;top_left&#8221; background_repeat=&#8221;repeat&#8221; width=&#8221;100%&#8221; min_height=&#8221;745.9px&#8221; custom_margin=&#8221;|auto|-50px|auto||&#8221; custom_padding=&#8221;||7px|||&#8221; global_colors_info=&#8221;{}&#8221; theme_builder_area=&#8221;post_content&#8221;][et_pb_column type=&#8221;1_2&#8243; _builder_version=&#8221;4.16&#8243; custom_padding=&#8221;|||&#8221; global_colors_info=&#8221;{}&#8221; custom_padding__hover=&#8221;|||&#8221; theme_builder_area=&#8221;post_content&#8221;][et_pb_text _builder_version=&#8221;4.22.2&#8243; _module_preset=&#8221;default&#8221; custom_padding=&#8221;||1px|||&#8221; hover_enabled=&#8221;0&#8243; global_colors_info=&#8221;{}&#8221; theme_builder_area=&#8221;post_content&#8221; sticky_enabled=&#8221;0&#8243;]<\/p>\n<h1><b>THE MOST BEAUTIFUL WOMEN* ARE THE WOMEN OF THE REVOLUTION<br \/><\/b><\/h1>\n<p><strong>Parade in public space<br \/>October 28 2023<\/strong><\/p>\n<p><strong>As part of the exhibition <span>\u00bb<\/span>Every courageous life is a song to the future<span>\u00ab<\/span> by <a href=\"https:\/\/zur-nachahmung-empfohlen.de\/en\/project\/ines-doujak\/\">Ines Doujak<\/a><br \/><a href=\"https:\/\/www.e-flux.com\/announcements\/545625\/ines-doujakevery-courageous-life-is-a-song-to-the-future\/\" target=\"_blank\" rel=\"noopener\">Temporary Gallery\u2014Centre for contemporary art Cologne<\/a><br \/>September 30 until December 17 2023<\/strong><\/p>\n<blockquote>\n<p>Hope is the opposite of fear!<\/p>\n<p>&nbsp;<\/p>\n<p>The goal of the event is to express solidarity with women* land defenders from all over the world. We will form a communal body to counter the politics of indifference and despair and regain agency in seemingly hopeless times. The event is an act of internationalist solidarity based on the recognition that protecting the environment is inseparably related to political struggles against (post)colonial domination, structural racism, and misogynistic practices.<\/p>\n<p>&nbsp;<\/p>\n<p>The event accompanies the exhibition of Ines Doujak Temporary Gallery.<\/p>\n<p>&nbsp;<\/p>\n<p>Ines Doujak, in collaboration with activist Jakeline Romero Epiay\u00fa, artist Camilo Pach\u00f3n, artists iSaAc Espinoza Hidrobo &amp; Roman Jungblut and curator Luiza Proen\u00e7a. Research: Nada Rosa Schroer. Research: Nada Rosa Schroer.<\/p>\n<p>&nbsp;<\/p>\n<p>*\u201eWomen\u201d are defined here as a political category including all those who suffer under the material conditions that have historically been assigned to women, as trans and nonbinary people, intersex and agender, and queer people. &#8211; Temporary Gallery<\/p>\n<\/blockquote>\n<p>[\/et_pb_text][\/et_pb_column][et_pb_column type=&#8221;1_2&#8243; _builder_version=&#8221;4.16&#8243; custom_padding=&#8221;|||&#8221; global_colors_info=&#8221;{}&#8221; custom_padding__hover=&#8221;|||&#8221; theme_builder_area=&#8221;post_content&#8221;][et_pb_gallery gallery_ids=&#8221;11649,11654&#8243; fullwidth=&#8221;on&#8221; _builder_version=&#8221;4.22.2&#8243; _module_preset=&#8221;default&#8221; custom_margin=&#8221;0px|0px|0px|0px|true|true&#8221; custom_padding=&#8221;0px|0px|0px|0px|true|true&#8221; global_colors_info=&#8221;{}&#8221; theme_builder_area=&#8221;post_content&#8221;][\/et_pb_gallery][\/et_pb_column][\/et_pb_row][\/et_pb_section]<\/p>\n","protected":false},"excerpt":{"rendered":"<p>THE MOST BEAUTIFUL WOMEN* ARE THE WOMEN OF THE REVOLUTION Parade in public spaceOctober 28 2023 As part of the exhibition \u00bbEvery courageous life is a song to the future\u00ab by Ines DoujakTemporary Gallery\u2014Centre for contemporary art CologneSeptember 30 until December 17 2023 Hope is the opposite of fear! &nbsp; The goal of the event [&hellip;]<\/p>\n","protected":false},"author":2,"featured_media":11649,"comment_status":"closed","ping_status":"closed","sticky":false,"template":"","format":"standard","meta":{"_acf_changed":false,"_et_pb_use_builder":"on","_et_pb_old_content":"","_et_gb_content_width":"","footnotes":""},"categories":[111],"tags":[279],"class_list":["post-11659","post","type-post","status-publish","format-standard","has-post-thumbnail","hentry","category-news-en","tag-ines-doujak-en"],"acf":[],"_links":{"self":[{"href":"https:\/\/zur-nachahmung-empfohlen.de\/en\/wp-json\/wp\/v2\/posts\/11659","targetHints":{"allow":["GET"]}}],"collection":[{"href":"https:\/\/zur-nachahmung-empfohlen.de\/en\/wp-json\/wp\/v2\/posts"}],"about":[{"href":"https:\/\/zur-nachahmung-empfohlen.de\/en\/wp-json\/wp\/v2\/types\/post"}],"author":[{"embeddable":true,"href":"https:\/\/zur-nachahmung-empfohlen.de\/en\/wp-json\/wp\/v2\/users\/2"}],"replies":[{"embeddable":true,"href":"https:\/\/zur-nachahmung-empfohlen.de\/en\/wp-json\/wp\/v2\/comments?post=11659"}],"version-history":[{"count":3,"href":"https:\/\/zur-nachahmung-empfohlen.de\/en\/wp-json\/wp\/v2\/posts\/11659\/revisions"}],"predecessor-version":[{"id":11662,"href":"https:\/\/zur-nachahmung-empfohlen.de\/en\/wp-json\/wp\/v2\/posts\/11659\/revisions\/11662"}],"wp:featuredmedia":[{"embeddable":true,"href":"https:\/\/zur-nachahmung-empfohlen.de\/en\/wp-json\/wp\/v2\/media\/11649"}],"wp:attachment":[{"href":"https:\/\/zur-nachahmung-empfohlen.de\/en\/wp-json\/wp\/v2\/media?parent=11659"}],"wp:term":[{"taxonomy":"category","embeddable":true,"href":"https:\/\/zur-nachahmung-empfohlen.de\/en\/wp-json\/wp\/v2\/categories?post=11659"},{"taxonomy":"post_tag","embeddable":true,"href":"https:\/\/zur-nachahmung-empfohlen.de\/en\/wp-json\/wp\/v2\/tags?post=11659"}],"curies":[{"name":"wp","href":"https:\/\/api.w.org\/{rel}","templated":true}]}}